{"id":104,"count":36,"description":"<h1>Zubeh\u00f6r f\u00fcr \u00d6fen<\/h1>\r\nBei uns finden Sie alles, was Sie brauchen, um Ihr Ofenerlebnis zu vervollst\u00e4ndigen! Von praktischen Anz\u00fcndh\u00fctchen, die das Feuer schnell entfachen, bis hin zu stilvollen Holzk\u00f6rben, in denen Sie Ihr Brennholz elegant aufbewahren k\u00f6nnen. Mit unseren Kaminbestecken wird die Pflege des Feuers zu einer angenehmen Aufgabe, und mit unserem umfangreichen Sortiment an Reparaturmaterial sind Sie jederzeit in der Lage, kleinere Reparaturen an Ihrem Ofen selbst durchzuf\u00fchren.","link":"https:\/\/www.123-kaminofen.de\/deutsch\/kat\/zubehor-fur-ofen\/","name":"Zubeh\u00f6r f\u00fcr \u00d6fen","slug":"zubehor-fur-ofen","taxonomy":"product_cat","parent":0,"meta":[],"yoast_head":"<!-- This site is optimized with the Yoast SEO plugin v26.8 - https:\/\/yoast.com\/product\/yoast-seo-wordpress\/ -->\n<title>Zubeh\u00f6r f\u00fcr \u00d6fen | 123-Kaminofen<\/title>\n<meta name=\"description\" content=\"Zubeh\u00f6r f\u00fcr \u00d6fen. Natuurlijk bij 123-Kaminofen. De expert in duurzaamheid. Neem gerust contact met ons op of kom langs in onze showroom!\" \/>\n<meta name=\"robots\" content=\"noindex, follow\" \/>\n<meta property=\"og:locale\" content=\"de_DE\" \/>\n<meta property=\"og:type\" content=\"article\" \/>\n<meta property=\"og:title\" content=\"Zubeh\u00f6r f\u00fcr \u00d6fen | 123-Kaminofen\" \/>\n<meta property=\"og:description\" content=\"Zubeh\u00f6r f\u00fcr \u00d6fen. Natuurlijk bij 123-Kaminofen. De expert in duurzaamheid. Neem gerust contact met ons op of kom langs in onze showroom!\" \/>\n<meta property=\"og:url\" content=\"https:\/\/www.123-kaminofen.de\/deutsch\/kat\/zubehor-fur-ofen\/\" \/>\n<meta property=\"og:site_name\" content=\"123-Kaminofen\" \/>\n<meta name=\"twitter:card\" content=\"summary_large_image\" \/>\n<script type=\"application\/ld+json\" class=\"yoast-schema-graph\">{\"@context\":\"https:\/\/schema.org\",\"@graph\":[{\"@type\":\"CollectionPage\",\"@id\":\"https:\/\/www.123-kaminofen.de\/deutsch\/kat\/zubehor-fur-ofen\/\",\"url\":\"https:\/\/www.123-kaminofen.de\/deutsch\/kat\/zubehor-fur-ofen\/\",\"name\":\"Zubeh\u00f6r f\u00fcr \u00d6fen | 123-Kaminofen\",\"isPartOf\":{\"@id\":\"https:\/\/www.123-kaminofen.de\/deutsch\/#website\"},\"description\":\"Zubeh\u00f6r f\u00fcr \u00d6fen. Natuurlijk bij 123-Kaminofen. De expert in duurzaamheid. Neem gerust contact met ons op of kom langs in onze showroom!\",\"breadcrumb\":{\"@id\":\"https:\/\/www.123-kaminofen.de\/deutsch\/kat\/zubehor-fur-ofen\/#breadcrumb\"},\"inLanguage\":\"de\"},{\"@type\":\"BreadcrumbList\",\"@id\":\"https:\/\/www.123-kaminofen.de\/deutsch\/kat\/zubehor-fur-ofen\/#breadcrumb\",\"itemListElement\":[{\"@type\":\"ListItem\",\"position\":1,\"name\":\"Home\",\"item\":\"https:\/\/www.123-kaminofen.de\/deutsch\/\"},{\"@type\":\"ListItem\",\"position\":2,\"name\":\"Zubeh\u00f6r f\u00fcr \u00d6fen\"}]},{\"@type\":\"WebSite\",\"@id\":\"https:\/\/www.123-kaminofen.de\/deutsch\/#website\",\"url\":\"https:\/\/www.123-kaminofen.de\/deutsch\/\",\"name\":\"123-Kaminofen\",\"description\":\"\",\"publisher\":{\"@id\":\"https:\/\/www.123-kaminofen.de\/deutsch\/#organization\"},\"potentialAction\":[{\"@type\":\"SearchAction\",\"target\":{\"@type\":\"EntryPoint\",\"urlTemplate\":\"https:\/\/www.123-kaminofen.de\/deutsch\/?s={search_term_string}\"},\"query-input\":{\"@type\":\"PropertyValueSpecification\",\"valueRequired\":true,\"valueName\":\"search_term_string\"}}],\"inLanguage\":\"de\"},{\"@type\":\"Organization\",\"@id\":\"https:\/\/www.123-kaminofen.de\/deutsch\/#organization\",\"name\":\"Handelsbetrieb Bakker\",\"alternateName\":\"123-Kaminofen\",\"url\":\"https:\/\/www.123-kaminofen.de\/deutsch\/\",\"logo\":{\"@type\":\"ImageObject\",\"inLanguage\":\"de\",\"@id\":\"https:\/\/www.123-kaminofen.de\/deutsch\/#\/schema\/logo\/image\/\",\"url\":\"https:\/\/www.spectrumsolar.nl\/deutsch\/wp-content\/uploads\/2023\/04\/123-Kaminofen.png\",\"contentUrl\":\"https:\/\/www.spectrumsolar.nl\/deutsch\/wp-content\/uploads\/2023\/04\/123-Kaminofen.png\",\"width\":1447,\"height\":221,\"caption\":\"Handelsbetrieb Bakker\"},\"image\":{\"@id\":\"https:\/\/www.123-kaminofen.de\/deutsch\/#\/schema\/logo\/image\/\"},\"sameAs\":[\"https:\/\/www.facebook.com\/123kaminofen\",\"https:\/\/instagram.com\/123kaminofen\"]}]}<\/script>\n<!-- \/ Yoast SEO plugin. -->","yoast_head_json":{"title":"Zubeh\u00f6r f\u00fcr \u00d6fen | 123-Kaminofen","description":"Zubeh\u00f6r f\u00fcr \u00d6fen. Natuurlijk bij 123-Kaminofen. De expert in duurzaamheid. Neem gerust contact met ons op of kom langs in onze showroom!","robots":{"index":"noindex","follow":"follow"},"og_locale":"de_DE","og_type":"article","og_title":"Zubeh\u00f6r f\u00fcr \u00d6fen | 123-Kaminofen","og_description":"Zubeh\u00f6r f\u00fcr \u00d6fen. Natuurlijk bij 123-Kaminofen. De expert in duurzaamheid. Neem gerust contact met ons op of kom langs in onze showroom!","og_url":"https:\/\/www.123-kaminofen.de\/deutsch\/kat\/zubehor-fur-ofen\/","og_site_name":"123-Kaminofen","twitter_card":"summary_large_image","schema":{"@context":"https:\/\/schema.org","@graph":[{"@type":"CollectionPage","@id":"https:\/\/www.123-kaminofen.de\/deutsch\/kat\/zubehor-fur-ofen\/","url":"https:\/\/www.123-kaminofen.de\/deutsch\/kat\/zubehor-fur-ofen\/","name":"Zubeh\u00f6r f\u00fcr \u00d6fen | 123-Kaminofen","isPartOf":{"@id":"https:\/\/www.123-kaminofen.de\/deutsch\/#website"},"description":"Zubeh\u00f6r f\u00fcr \u00d6fen. Natuurlijk bij 123-Kaminofen. De expert in duurzaamheid. Neem gerust contact met ons op of kom langs in onze showroom!","breadcrumb":{"@id":"https:\/\/www.123-kaminofen.de\/deutsch\/kat\/zubehor-fur-ofen\/#breadcrumb"},"inLanguage":"de"},{"@type":"BreadcrumbList","@id":"https:\/\/www.123-kaminofen.de\/deutsch\/kat\/zubehor-fur-ofen\/#breadcrumb","itemListElement":[{"@type":"ListItem","position":1,"name":"Home","item":"https:\/\/www.123-kaminofen.de\/deutsch\/"},{"@type":"ListItem","position":2,"name":"Zubeh\u00f6r f\u00fcr \u00d6fen"}]},{"@type":"WebSite","@id":"https:\/\/www.123-kaminofen.de\/deutsch\/#website","url":"https:\/\/www.123-kaminofen.de\/deutsch\/","name":"123-Kaminofen","description":"","publisher":{"@id":"https:\/\/www.123-kaminofen.de\/deutsch\/#organization"},"potentialAction":[{"@type":"SearchAction","target":{"@type":"EntryPoint","urlTemplate":"https:\/\/www.123-kaminofen.de\/deutsch\/?s={search_term_string}"},"query-input":{"@type":"PropertyValueSpecification","valueRequired":true,"valueName":"search_term_string"}}],"inLanguage":"de"},{"@type":"Organization","@id":"https:\/\/www.123-kaminofen.de\/deutsch\/#organization","name":"Handelsbetrieb Bakker","alternateName":"123-Kaminofen","url":"https:\/\/www.123-kaminofen.de\/deutsch\/","logo":{"@type":"ImageObject","inLanguage":"de","@id":"https:\/\/www.123-kaminofen.de\/deutsch\/#\/schema\/logo\/image\/","url":"https:\/\/www.spectrumsolar.nl\/deutsch\/wp-content\/uploads\/2023\/04\/123-Kaminofen.png","contentUrl":"https:\/\/www.spectrumsolar.nl\/deutsch\/wp-content\/uploads\/2023\/04\/123-Kaminofen.png","width":1447,"height":221,"caption":"Handelsbetrieb Bakker"},"image":{"@id":"https:\/\/www.123-kaminofen.de\/deutsch\/#\/schema\/logo\/image\/"},"sameAs":["https:\/\/www.facebook.com\/123kaminofen","https:\/\/instagram.com\/123kaminofen"]}]}},"_links":{"self":[{"href":"https:\/\/www.123-kaminofen.de\/deutsch\/wp-json\/wp\/v2\/product_cat\/104","targetHints":{"allow":["GET"]}}],"collection":[{"href":"https:\/\/www.123-kaminofen.de\/deutsch\/wp-json\/wp\/v2\/product_cat"}],"about":[{"href":"https:\/\/www.123-kaminofen.de\/deutsch\/wp-json\/wp\/v2\/taxonomies\/product_cat"}],"wp:post_type":[{"href":"https:\/\/www.123-kaminofen.de\/deutsch\/wp-json\/wp\/v2\/product?product_cat=104"}],"curies":[{"name":"wp","href":"https:\/\/api.w.org\/{rel}","templated":true}]}}